{"id":272,"date":"2018-10-09T17:17:00","date_gmt":"2018-10-09T20:17:00","guid":{"rendered":"https:\/\/www.myotischile.cl\/wp\/?p=272"},"modified":"2021-06-01T16:14:06","modified_gmt":"2021-06-01T19:14:06","slug":"plagas-de-murcielagos","status":"publish","type":"post","link":"https:\/\/www.myotischile.cl\/wp\/?p=272","title":{"rendered":"Plagas de murci\u00e9lagos"},"content":{"rendered":"\t\t<div data-elementor-type=\"wp-post\" data-elementor-id=\"272\" class=\"elementor elementor-272\">\n\t\t\t\t\t\t<section class=\"elementor-section elementor-top-section elementor-element elementor-element-e3c30c4 elementor-section-boxed elementor-section-height-default elementor-section-height-default\" data-id=\"e3c30c4\" data-element_type=\"section\" data-e-type=\"section\">\n\t\t\t\t\t\t<div class=\"elementor-container elementor-column-gap-default\">\n\t\t\t\t\t<div class=\"elementor-column elementor-col-50 elementor-top-column elementor-element elementor-element-00a1e72\" data-id=\"00a1e72\" data-element_type=\"column\" data-e-type=\"column\">\n\t\t\t<div class=\"elementor-widget-wrap elementor-element-populated\">\n\t\t\t\t\t\t<div class=\"elementor-element elementor-element-5ce1d52 elementor-widget elementor-widget-image\" data-id=\"5ce1d52\" data-element_type=\"widget\" data-e-type=\"widget\" data-widget_type=\"image.default\">\n\t\t\t\t<div class=\"elementor-widget-container\">\n\t\t\t\t\t\t\t\t\t\t\t\t\t\t\t\t<a href=\"https:\/\/www.myotischile.cl\/wp\/wp-content\/uploads\/2021\/05\/plagas.jpg\" data-elementor-open-lightbox=\"yes\" data-elementor-lightbox-title=\"plagas\" data-e-action-hash=\"#elementor-action%3Aaction%3Dlightbox%26settings%3DeyJpZCI6MjczLCJ1cmwiOiJodHRwczpcL1wvd3d3Lm15b3Rpc2NoaWxlLmNsXC93cFwvd3AtY29udGVudFwvdXBsb2Fkc1wvMjAyMVwvMDVcL3BsYWdhcy5qcGcifQ%3D%3D\">\n\t\t\t\t\t\t\t<img fetchpriority=\"high\" decoding=\"async\" width=\"300\" height=\"256\" src=\"https:\/\/www.myotischile.cl\/wp\/wp-content\/uploads\/2021\/05\/plagas-300x256.jpg\" class=\"attachment-medium size-medium wp-image-273\" alt=\"\" srcset=\"https:\/\/www.myotischile.cl\/wp\/wp-content\/uploads\/2021\/05\/plagas-300x256.jpg 300w, https:\/\/www.myotischile.cl\/wp\/wp-content\/uploads\/2021\/05\/plagas.jpg 714w\" sizes=\"(max-width: 300px) 100vw, 300px\" \/>\t\t\t\t\t\t\t\t<\/a>\n\t\t\t\t\t\t\t\t\t\t\t\t\t\t\t<\/div>\n\t\t\t\t<\/div>\n\t\t\t\t\t<\/div>\n\t\t<\/div>\n\t\t\t\t<div class=\"elementor-column elementor-col-50 elementor-top-column elementor-element elementor-element-37f571a\" data-id=\"37f571a\" data-element_type=\"column\" data-e-type=\"column\">\n\t\t\t<div class=\"elementor-widget-wrap elementor-element-populated\">\n\t\t\t\t\t\t<div class=\"elementor-element elementor-element-f90fc19 elementor-widget elementor-widget-text-editor\" data-id=\"f90fc19\" data-element_type=\"widget\" data-e-type=\"widget\" data-widget_type=\"text-editor.default\">\n\t\t\t\t<div class=\"elementor-widget-container\">\n\t\t\t\t\t\t\t\t\t<p>Muchas veces hemos o\u00eddo en los medios de comunicaci\u00f3n el termino malamente usado de \u201cPlagas de murci\u00e9lagos\u201d. Ac\u00e1 hacen referencia a las colonias de murci\u00e9lagos que salen volando de las casas cada noche. esto se hace m\u00e1s com\u00fan en los meses de primavera y verano, donde las hembras se re\u00fanen en ciertos lugares para poder parir sus cr\u00edas. Es ac\u00e1 cuando la gente siente que sus casas han sido invadidas por una plaga de animales.<br \/>Revisemos algunos datos respecto a esta situaci\u00f3n: Primero: Los murci\u00e9lagos se reproducen solamente una vez al a\u00f1o, pariendo solo una cr\u00eda a la vez. esto ocurre generalmente durante noviembre y diciembre. Segundo: Plaga se utiliza solamente a: Aparici\u00f3n masiva y repentina de seres vivos de la misma especie que causan graves da\u00f1os a poblaciones animales o vegetales (RAE). Tercero: Las especies de murci\u00e9lagos que migran, ocupan generalmente las mismas construcciones o cuevas todos los a\u00f1os para parir. Por lo tanto, no podemos hablar que aparecieron \u201cde repente\u201d Lo l\u00f3gico apunta es que anteriormente no se hab\u00edan percatado que la construcci\u00f3n no estaba siendo ocupada por los murci\u00e9lagos.<br \/>Tendiendo estos antecedentes, hay maneras de poder sacar a una colonia de murci\u00e9lagos de una habitaci\u00f3n. Eso s\u00ed que, no en cualquier \u00e9poca del a\u00f1o. Los murci\u00e9lagos en Chile est\u00e1n protegidos por ley y por lo tanto est\u00e1 prohibido perturbar a cualquier especie en per\u00edodo reproductivo. Tambi\u00e9n los murci\u00e9lagos no son da\u00f1inos, por el contrario. gracias a ellos no estamos llenos de mosquitos y polillas, estos son los grandes controladores de plagas agr\u00edcolas e insectos potencialmente peligrosos para el hombre como los zancudos.<\/p>\t\t\t\t\t\t\t\t<\/div>\n\t\t\t\t<\/div>\n\t\t\t\t\t<\/div>\n\t\t<\/div>\n\t\t\t\t\t<\/div>\n\t\t<\/section>\n\t\t\t\t<\/div>\n\t\t","protected":false},"excerpt":{"rendered":"<p>Muchas veces hemos o\u00eddo en los medios de comunicaci\u00f3n el termino malamente usado de \u201cPlagas de murci\u00e9lagos\u201d. Ac\u00e1 hacen referencia a las colonias de murci\u00e9lagos que salen volando de las casas cada noche. esto se hace m\u00e1s com\u00fan en los meses de primavera y verano, donde las hembras se re\u00fanen en ciertos lugares para poder &hellip;<\/p>\n<p class=\"read-more\"> <a class=\"\" href=\"https:\/\/www.myotischile.cl\/wp\/?p=272\"> <span class=\"screen-reader-text\">Plagas de murci\u00e9lagos<\/span> Read More &raquo;<\/a><\/p>\n","protected":false},"author":1,"featured_media":273,"comment_status":"closed","ping_status":"open","sticky":false,"template":"","format":"standard","meta":{"footnotes":""},"categories":[8],"tags":[],"class_list":["post-272","post","type-post","status-publish","format-standard","has-post-thumbnail","hentry","category-sin-categoria-es"],"_links":{"self":[{"href":"https:\/\/www.myotischile.cl\/wp\/index.php?rest_route=\/wp\/v2\/posts\/272","targetHints":{"allow":["GET"]}}],"collection":[{"href":"https:\/\/www.myotischile.cl\/wp\/index.php?rest_route=\/wp\/v2\/posts"}],"about":[{"href":"https:\/\/www.myotischile.cl\/wp\/index.php?rest_route=\/wp\/v2\/types\/post"}],"author":[{"embeddable":true,"href":"https:\/\/www.myotischile.cl\/wp\/index.php?rest_route=\/wp\/v2\/users\/1"}],"replies":[{"embeddable":true,"href":"https:\/\/www.myotischile.cl\/wp\/index.php?rest_route=%2Fwp%2Fv2%2Fcomments&post=272"}],"version-history":[{"count":8,"href":"https:\/\/www.myotischile.cl\/wp\/index.php?rest_route=\/wp\/v2\/posts\/272\/revisions"}],"predecessor-version":[{"id":496,"href":"https:\/\/www.myotischile.cl\/wp\/index.php?rest_route=\/wp\/v2\/posts\/272\/revisions\/496"}],"wp:featuredmedia":[{"embeddable":true,"href":"https:\/\/www.myotischile.cl\/wp\/index.php?rest_route=\/wp\/v2\/media\/273"}],"wp:attachment":[{"href":"https:\/\/www.myotischile.cl\/wp\/index.php?rest_route=%2Fwp%2Fv2%2Fmedia&parent=272"}],"wp:term":[{"taxonomy":"category","embeddable":true,"href":"https:\/\/www.myotischile.cl\/wp\/index.php?rest_route=%2Fwp%2Fv2%2Fcategories&post=272"},{"taxonomy":"post_tag","embeddable":true,"href":"https:\/\/www.myotischile.cl\/wp\/index.php?rest_route=%2Fwp%2Fv2%2Ftags&post=272"}],"curies":[{"name":"wp","href":"https:\/\/api.w.org\/{rel}","templated":true}]}}